{"id":90171,"date":"2018-12-17T14:05:37","date_gmt":"2018-12-17T14:05:37","guid":{"rendered":"https:\/\/zslawv2.52improvements.com\/zivkovic-samardzic-advises-antenna-group-on-sale-of-its-media-operations-in-serbia-and-montenegro-to-kopernikus-corporation\/"},"modified":"2026-07-06T07:57:31","modified_gmt":"2026-07-06T07:57:31","slug":"zivkovic-samardzic-advises-antenna-group-on-sale-of-its-media-operations-in-serbia-and-montenegro-to-kopernikus-corporation","status":"publish","type":"post","link":"https:\/\/www.zslaw.rs\/sr\/zivkovic-samardzic-advises-antenna-group-on-sale-of-its-media-operations-in-serbia-and-montenegro-to-kopernikus-corporation\/","title":{"rendered":"\u017divkovi\u0107 Samard\u017ei\u0107 Advises Antenna Group on Sale of Its Media Operations in Serbia and Montenegro to Kopernikus Corporation"},"content":{"rendered":"<p><span style=\"font-family: Roboto; font-style: normal; font-weight: 300; font-size: 20px;\"> \u017divkovi\u0107 Samard\u017ei\u0107, a leading Serbian law firm, advised Antenna Group on the sale of its media operations in Serbia and Montenegro to Kopernikus Corporation for EUR 180 million. The deal is currently under review by regulatory authorities in both countries.<\/span><\/p>\n<p><span style=\"font-family: Roboto; font-style: normal; font-weight: 300; font-size: 20px;\">Antenna Group, which acquired Fox TV in Serbia in 2009 and rebranded it to Prva TV, grew its market share from 4% to 45% over eight years through significant investment and expansion. The company, founded in 1988, operates in over 20 countries.<\/span><\/p>\n<p><span style=\"font-family: Roboto; font-style: normal; font-weight: 300; font-size: 20px;\">Kopernikus, established in 1998, provides cable TV and broadband services. The \u017divkovi\u0107 Samard\u017ei\u0107 team advising on the transaction included <a href=\"https:\/\/www.zslaw.rs\/sr\/portfolio\/nebojsa-samardzic\/\">\u041d\u0435\u0431\u043e\u0458\u0448\u0430 \u0421\u0430\u043c\u0430\u0440\u045f\u0438\u045b<\/a>, <a href=\"https:\/\/www.zslaw.rs\/sr\/portfolio\/branislav-zivkovic\/\">\u0411\u0440\u0430\u043d\u0438\u0441\u043b\u0430\u0432 \u0416\u0438\u0432\u043a\u043e\u0432\u0438\u045b<\/a> and <a href=\"https:\/\/www.zslaw.rs\/sr\/portfolio\/sava-pavlovic\/\">\u0421\u0430\u0432\u0430 \u041f\u0430\u0432\u043b\u043e\u0432\u0438\u045b<\/a>.<br \/>\n<\/span><\/p>","protected":false},"excerpt":{"rendered":"<p>\u017divkovi\u0107 Samard\u017ei\u0107, a leading Serbian law firm, advised Antenna Group on the sale of its media operations in Serbia and Montenegro to Kopernikus Corporation for EUR 180 million. The deal&#8230;<\/p>","protected":false},"author":3,"featured_media":90056,"comment_status":"closed","ping_status":"open","sticky":false,"template":"","format":"standard","meta":{"_acf_changed":false,"footnotes":""},"categories":[76],"tags":[75,80,106,111,117],"class_list":["post-90171","post","type-post","status-publish","format-standard","has-post-thumbnail","category-deals-and-cases","tag-corporate-and-ma","tag-sava-pavlovic","tag-branislav-zivkovic","tag-igor-zivkovski","tag-nebojsa-samardzic"],"acf":[],"_links":{"self":[{"href":"https:\/\/www.zslaw.rs\/sr\/wp-json\/wp\/v2\/posts\/90171","targetHints":{"allow":["GET"]}}],"collection":[{"href":"https:\/\/www.zslaw.rs\/sr\/wp-json\/wp\/v2\/posts"}],"about":[{"href":"https:\/\/www.zslaw.rs\/sr\/wp-json\/wp\/v2\/types\/post"}],"author":[{"embeddable":true,"href":"https:\/\/www.zslaw.rs\/sr\/wp-json\/wp\/v2\/users\/3"}],"replies":[{"embeddable":true,"href":"https:\/\/www.zslaw.rs\/sr\/wp-json\/wp\/v2\/comments?post=90171"}],"version-history":[{"count":1,"href":"https:\/\/www.zslaw.rs\/sr\/wp-json\/wp\/v2\/posts\/90171\/revisions"}],"predecessor-version":[{"id":90342,"href":"https:\/\/www.zslaw.rs\/sr\/wp-json\/wp\/v2\/posts\/90171\/revisions\/90342"}],"wp:featuredmedia":[{"embeddable":true,"href":"https:\/\/www.zslaw.rs\/sr\/wp-json\/wp\/v2\/media\/90056"}],"wp:attachment":[{"href":"https:\/\/www.zslaw.rs\/sr\/wp-json\/wp\/v2\/media?parent=90171"}],"wp:term":[{"taxonomy":"category","embeddable":true,"href":"https:\/\/www.zslaw.rs\/sr\/wp-json\/wp\/v2\/categories?post=90171"},{"taxonomy":"post_tag","embeddable":true,"href":"https:\/\/www.zslaw.rs\/sr\/wp-json\/wp\/v2\/tags?post=90171"}],"curies":[{"name":"wp","href":"https:\/\/api.w.org\/{rel}","templated":true}]}}