{"id":11067,"date":"2025-12-28T23:05:54","date_gmt":"2025-12-28T23:05:54","guid":{"rendered":"https:\/\/zslawv2.52improvements.com\/zivkovic-samardzic-promotes-two-new-junior-partners-and-a-senior-associate\/"},"modified":"2026-07-06T07:56:50","modified_gmt":"2026-07-06T07:56:50","slug":"zivkovic-samardzic-promotes-two-new-junior-partners-and-a-senior-associate","status":"publish","type":"post","link":"https:\/\/www.zslaw.rs\/sr\/zivkovic-samardzic-promotes-two-new-junior-partners-and-a-senior-associate\/","title":{"rendered":"\u017divkovi\u0107 Samard\u017ei\u0107 promotes two new Junior Partners and a Senior Associate"},"content":{"rendered":"<p><span style=\"font-family: Roboto; font-style: normal; font-weight: 300; font-size: 20px;\">\u017divkovi\u0107 Samard\u017ei\u0107, one of Serbia\u2019s leading independent full-service law firms, has promoted two of its senior associates to junior partners, and one associate to senior associate, effective January 1, 2026.<\/span><\/p>\n<p><span style=\"font-family: Roboto; font-style: normal; font-weight: 300; font-size: 20px;\">The promotions have been made across 3 of the firm\u2019s practice areas.<\/span><\/p>\n<p><span style=\"font-family: Roboto; font-style: normal; font-weight: 300; font-size: 20px;\">Tihomir Vlaovi\u0107 has been promoted to junior partner in our Dispute Resolution Department. He graduated from the University of Belgrade\u2019s Faculty of Law in 2015 and has been with the firm since 2016. Tihomir has developed a strong expertise in commercial litigation and has played an integral role in preparing and managing arbitration proceedings, ensuring that our clients receive comprehensive and seamless representation across various dispute resolution platforms.<\/span><\/p>\n<p><span style=\"font-family: Roboto; font-style: normal; font-weight: 300; font-size: 20px;\">Sr\u0111an Zerdo has been promoted to junior partner in our Real Estate and Construction Department. Sr\u0111an joined \u017divkovi\u0107 Samard\u017ei\u0107 in 2016, following his graduation from the University of Belgrade\u2019s Faculty of Law earlier that same year. He advises clients on complex transactions across the real estate and energy sectors with a focus on acquisitions, leasing, and the development of residential, commercial, and industrial properties, as well as renewable energy projects and large-scale infrastructure developments.<\/span><\/p>\n<p><span style=\"font-family: Roboto; font-style: normal; font-weight: 300; font-size: 20px;\">Marko Lekovi\u0107 has been promoted to senior associate in our Employment and Immigration Department. He graduated from the University of Belgrade\u2019s Faculty of Law in 2019 and has been with the firm since 2022, after two and a half years with another reputable Serbian law firm. Marko advises clients in extensive restructuring matters, such as headcount reductions and redundancy terminations and is an experienced employment litigation lawyer. Additionally, Marko has significant experience in advising clients on complex data protection issues.<\/span><\/p>\n<p><span style=\"font-family: Roboto; font-style: normal; font-weight: 300; font-size: 20px;\">\u201cTihomir, Sr\u0111an, and Marko are terrific lawyers and colleagues, and we are absolutely thrilled to welcome them as junior partners and senior associate,\u201d said \u017divkovi\u0107 Samard\u017ei\u0107 Managing Partner Branislav \u017divkovi\u0107.<\/span><\/p>","protected":false},"excerpt":{"rendered":"<p>\u017divkovi\u0107 Samard\u017ei\u0107, one of Serbia\u2019s leading independent full-service law firms, has promoted two of its senior associates to junior partners, and one associate to senior associate, effective January 1, 2026&#8230;.<\/p>","protected":false},"author":3,"featured_media":90003,"comment_status":"closed","ping_status":"open","sticky":false,"template":"","format":"standard","meta":{"_acf_changed":false,"footnotes":""},"categories":[89],"tags":[79,82,83],"class_list":["post-11067","post","type-post","status-publish","format-standard","has-post-thumbnail","category-firm-news","tag-marko-lekovic","tag-srdan-zerdo","tag-tihomir-vlaovic"],"acf":[],"_links":{"self":[{"href":"https:\/\/www.zslaw.rs\/sr\/wp-json\/wp\/v2\/posts\/11067","targetHints":{"allow":["GET"]}}],"collection":[{"href":"https:\/\/www.zslaw.rs\/sr\/wp-json\/wp\/v2\/posts"}],"about":[{"href":"https:\/\/www.zslaw.rs\/sr\/wp-json\/wp\/v2\/types\/post"}],"author":[{"embeddable":true,"href":"https:\/\/www.zslaw.rs\/sr\/wp-json\/wp\/v2\/users\/3"}],"replies":[{"embeddable":true,"href":"https:\/\/www.zslaw.rs\/sr\/wp-json\/wp\/v2\/comments?post=11067"}],"version-history":[{"count":1,"href":"https:\/\/www.zslaw.rs\/sr\/wp-json\/wp\/v2\/posts\/11067\/revisions"}],"predecessor-version":[{"id":90252,"href":"https:\/\/www.zslaw.rs\/sr\/wp-json\/wp\/v2\/posts\/11067\/revisions\/90252"}],"wp:featuredmedia":[{"embeddable":true,"href":"https:\/\/www.zslaw.rs\/sr\/wp-json\/wp\/v2\/media\/90003"}],"wp:attachment":[{"href":"https:\/\/www.zslaw.rs\/sr\/wp-json\/wp\/v2\/media?parent=11067"}],"wp:term":[{"taxonomy":"category","embeddable":true,"href":"https:\/\/www.zslaw.rs\/sr\/wp-json\/wp\/v2\/categories?post=11067"},{"taxonomy":"post_tag","embeddable":true,"href":"https:\/\/www.zslaw.rs\/sr\/wp-json\/wp\/v2\/tags?post=11067"}],"curies":[{"name":"wp","href":"https:\/\/api.w.org\/{rel}","templated":true}]}}